{"id":697,"date":"2010-01-31T21:09:32","date_gmt":"2010-01-31T19:09:32","guid":{"rendered":"http:\/\/www.emelie.ohrn.info\/?p=697"},"modified":"2010-01-31T21:09:32","modified_gmt":"2010-01-31T19:09:32","slug":"antligen","status":"publish","type":"post","link":"http:\/\/www.emelie.ohrn.info\/?p=697","title":{"rendered":"\u00e4ntligen!"},"content":{"rendered":"<p>efter att i flera \u00e5r ha sagt att vi ska \u00e5ka till v\u00e4rmen hela famliljen har vi idag bokat en resa <a href=\"http:\/\/www.solresor.se\/resa-till\/Turkiet\/Side\/Hotel-Side-Mare-Resort\/\" target=\"_blank\">hit!<\/a><\/p>\n","protected":false},"excerpt":{"rendered":"<p>efter att i flera \u00e5r ha sagt att vi ska \u00e5ka till v\u00e4rmen hela famliljen har vi idag bokat en resa hit!<\/p>\n","protected":false},"author":1,"featured_media":0,"comment_status":"open","ping_status":"open","sticky":false,"template":"","format":"standard","meta":{"footnotes":""},"categories":[3],"tags":[],"class_list":["post-697","post","type-post","status-publish","format-standard","hentry","category-familjen"],"_links":{"self":[{"href":"http:\/\/www.emelie.ohrn.info\/index.php?rest_route=\/wp\/v2\/posts\/697","targetHints":{"allow":["GET"]}}],"collection":[{"href":"http:\/\/www.emelie.ohrn.info\/index.php?rest_route=\/wp\/v2\/posts"}],"about":[{"href":"http:\/\/www.emelie.ohrn.info\/index.php?rest_route=\/wp\/v2\/types\/post"}],"author":[{"embeddable":true,"href":"http:\/\/www.emelie.ohrn.info\/index.php?rest_route=\/wp\/v2\/users\/1"}],"replies":[{"embeddable":true,"href":"http:\/\/www.emelie.ohrn.info\/index.php?rest_route=%2Fwp%2Fv2%2Fcomments&post=697"}],"version-history":[{"count":0,"href":"http:\/\/www.emelie.ohrn.info\/index.php?rest_route=\/wp\/v2\/posts\/697\/revisions"}],"wp:attachment":[{"href":"http:\/\/www.emelie.ohrn.info\/index.php?rest_route=%2Fwp%2Fv2%2Fmedia&parent=697"}],"wp:term":[{"taxonomy":"category","embeddable":true,"href":"http:\/\/www.emelie.ohrn.info\/index.php?rest_route=%2Fwp%2Fv2%2Fcategories&post=697"},{"taxonomy":"post_tag","embeddable":true,"href":"http:\/\/www.emelie.ohrn.info\/index.php?rest_route=%2Fwp%2Fv2%2Ftags&post=697"}],"curies":[{"name":"wp","href":"https:\/\/api.w.org\/{rel}","templated":true}]}}