{"id":696,"date":"2010-01-30T12:57:26","date_gmt":"2010-01-30T10:57:26","guid":{"rendered":"http:\/\/www.emelie.ohrn.info\/?p=696"},"modified":"2010-01-30T14:03:10","modified_gmt":"2010-01-30T12:03:10","slug":"senaste-veckan","status":"publish","type":"post","link":"http:\/\/www.emelie.ohrn.info\/?p=696","title":{"rendered":"senaste veckan"},"content":{"rendered":"<p>h\u00e4r har ekat lite tomt i bloggen. det h\u00e4nder in s\u00e5 mycket sp\u00e4nnande h\u00e4r hemma i januari. det \u00e4r full fart p\u00e5 jobbet. lugnt och h\u00e4rligt i min klass men massor hos kollegor s\u00e5 man f\u00e5r rycka ut och hj\u00e4lpa varandra. en annan g\u00e5ng kanske det inte \u00e4r jag som har den lugna klassen och beh\u00f6ver hj\u00e4lp.\u00a0 i onsdags n\u00e4r vi var lediga fick jag i alla fall scrappat lite, det \u00e4r alltid kul. sedan har jag snart klarat en hel m\u00e5nad i mitt projekt att f\u00f6rs\u00f6ka mobilfota ett foto varje dag under <a href=\"http:\/\/emeliesbilder.blogspot.com\/\" target=\"_blank\">2010<\/a>. bara 11 m\u00e5nader kvar. (och jag skulle beh\u00f6va en mobil med b\u00e4ttre kamera m\u00e4rker jag).<\/p>\n<p>idag ska vi f\u00f6rs\u00f6ka rensa lite h\u00e4r hemma. trasiga frysen ska till tippen. och<a href=\"http:\/\/www.blocket.se\/goteborg\/Brio_sitty___paraplyvagn_25700978.htm?ca=15&amp;w=1\" target=\"_blank\"> 2 barnvagnar \u00e4r utlagda p\u00e5 blocket<\/a>. inga bebisar kvar h\u00e4r hemma och tom noah var med p\u00e5 noterna att han var alldeles f\u00f6r stor f\u00f6r att \u00e5ka vagn nu. han ville inte ha kvar dem. p\u00e5 m\u00e5ndag ska vi ringa till en second hand som ska komma och h\u00e4mta en massa saker s\u00e5 om n\u00e5gon beh\u00f6ver:<\/p>\n<p>k\u00f6ksbord + 6 stolar.<br \/>\nkontorsstol (lite st\u00f6rre)<br \/>\n2 kontorsstolar.<br \/>\n1 traktorpall.<br \/>\nsekret\u00e4r.<br \/>\nliten byr\u00e5.<br \/>\nmotionscykel.<\/p>\n<p>s\u00e5 hojta till snarast.<\/p>\n","protected":false},"excerpt":{"rendered":"<p>h\u00e4r har ekat lite tomt i bloggen. det h\u00e4nder in s\u00e5 mycket sp\u00e4nnande h\u00e4r hemma i januari. det \u00e4r full fart p\u00e5 jobbet. lugnt och h\u00e4rligt i min klass men massor hos kollegor s\u00e5 man f\u00e5r rycka ut och hj\u00e4lpa varandra. en annan g\u00e5ng kanske det inte \u00e4r jag som har den lugna klassen och [&hellip;]<\/p>\n","protected":false},"author":1,"featured_media":0,"comment_status":"open","ping_status":"open","sticky":false,"template":"","format":"standard","meta":{"footnotes":""},"categories":[3,5],"tags":[],"class_list":["post-696","post","type-post","status-publish","format-standard","hentry","category-familjen","category-prat"],"_links":{"self":[{"href":"http:\/\/www.emelie.ohrn.info\/index.php?rest_route=\/wp\/v2\/posts\/696","targetHints":{"allow":["GET"]}}],"collection":[{"href":"http:\/\/www.emelie.ohrn.info\/index.php?rest_route=\/wp\/v2\/posts"}],"about":[{"href":"http:\/\/www.emelie.ohrn.info\/index.php?rest_route=\/wp\/v2\/types\/post"}],"author":[{"embeddable":true,"href":"http:\/\/www.emelie.ohrn.info\/index.php?rest_route=\/wp\/v2\/users\/1"}],"replies":[{"embeddable":true,"href":"http:\/\/www.emelie.ohrn.info\/index.php?rest_route=%2Fwp%2Fv2%2Fcomments&post=696"}],"version-history":[{"count":0,"href":"http:\/\/www.emelie.ohrn.info\/index.php?rest_route=\/wp\/v2\/posts\/696\/revisions"}],"wp:attachment":[{"href":"http:\/\/www.emelie.ohrn.info\/index.php?rest_route=%2Fwp%2Fv2%2Fmedia&parent=696"}],"wp:term":[{"taxonomy":"category","embeddable":true,"href":"http:\/\/www.emelie.ohrn.info\/index.php?rest_route=%2Fwp%2Fv2%2Fcategories&post=696"},{"taxonomy":"post_tag","embeddable":true,"href":"http:\/\/www.emelie.ohrn.info\/index.php?rest_route=%2Fwp%2Fv2%2Ftags&post=696"}],"curies":[{"name":"wp","href":"https:\/\/api.w.org\/{rel}","templated":true}]}}