{"id":365,"date":"2009-01-16T23:53:59","date_gmt":"2009-01-16T21:53:59","guid":{"rendered":"http:\/\/www.emelie.ohrn.info\/?p=365"},"modified":"2009-01-16T23:53:59","modified_gmt":"2009-01-16T21:53:59","slug":"naturen-pa-kreta","status":"publish","type":"post","link":"http:\/\/www.emelie.ohrn.info\/?p=365","title":{"rendered":"naturen p\u00e5 kreta"},"content":{"rendered":"<p>dem h\u00e4r fotona har jag haft liggande sen i slutet av sommaren, men jag har inte lyckats f\u00e5 dem scrappade. antagligen f\u00f6r att dem \u00e4r s\u00e5 m\u00e5nga. men nu ikv\u00e4ll har jag fixat en digi-mall och lagt in dem i den. jag har best\u00e4mt mig f\u00f6r att det kommer bli en hybrid med bilderna, f\u00f6r dem gillar jag, s\u00e5 tillslut kommer dem scrappas \u00e4nd\u00e5.<\/p>\n<p><img decoding=\"async\" class=\"alignnone\" src=\"http:\/\/i395.photobucket.com\/albums\/pp40\/scrapfroken\/NaturenpKretablogg.jpg\" alt=\"\" \/><\/p>\n","protected":false},"excerpt":{"rendered":"<p>dem h\u00e4r fotona har jag haft liggande sen i slutet av sommaren, men jag har inte lyckats f\u00e5 dem scrappade. antagligen f\u00f6r att dem \u00e4r s\u00e5 m\u00e5nga. men nu ikv\u00e4ll har jag fixat en digi-mall och lagt in dem i den. jag har best\u00e4mt mig f\u00f6r att det kommer bli en hybrid med bilderna, f\u00f6r [&hellip;]<\/p>\n","protected":false},"author":1,"featured_media":0,"comment_status":"open","ping_status":"open","sticky":false,"template":"","format":"standard","meta":{"footnotes":""},"categories":[29],"tags":[],"class_list":["post-365","post","type-post","status-publish","format-standard","hentry","category-digi-scrap"],"_links":{"self":[{"href":"http:\/\/www.emelie.ohrn.info\/index.php?rest_route=\/wp\/v2\/posts\/365","targetHints":{"allow":["GET"]}}],"collection":[{"href":"http:\/\/www.emelie.ohrn.info\/index.php?rest_route=\/wp\/v2\/posts"}],"about":[{"href":"http:\/\/www.emelie.ohrn.info\/index.php?rest_route=\/wp\/v2\/types\/post"}],"author":[{"embeddable":true,"href":"http:\/\/www.emelie.ohrn.info\/index.php?rest_route=\/wp\/v2\/users\/1"}],"replies":[{"embeddable":true,"href":"http:\/\/www.emelie.ohrn.info\/index.php?rest_route=%2Fwp%2Fv2%2Fcomments&post=365"}],"version-history":[{"count":0,"href":"http:\/\/www.emelie.ohrn.info\/index.php?rest_route=\/wp\/v2\/posts\/365\/revisions"}],"wp:attachment":[{"href":"http:\/\/www.emelie.ohrn.info\/index.php?rest_route=%2Fwp%2Fv2%2Fmedia&parent=365"}],"wp:term":[{"taxonomy":"category","embeddable":true,"href":"http:\/\/www.emelie.ohrn.info\/index.php?rest_route=%2Fwp%2Fv2%2Fcategories&post=365"},{"taxonomy":"post_tag","embeddable":true,"href":"http:\/\/www.emelie.ohrn.info\/index.php?rest_route=%2Fwp%2Fv2%2Ftags&post=365"}],"curies":[{"name":"wp","href":"https:\/\/api.w.org\/{rel}","templated":true}]}}