{"id":353,"date":"2009-01-12T19:36:56","date_gmt":"2009-01-12T17:36:56","guid":{"rendered":"http:\/\/www.emelie.ohrn.info\/?p=353"},"modified":"2009-01-12T19:36:56","modified_gmt":"2009-01-12T17:36:56","slug":"lite-om-allt-mojligt","status":"publish","type":"post","link":"http:\/\/www.emelie.ohrn.info\/?p=353","title":{"rendered":"lite om allt m\u00f6jligt"},"content":{"rendered":"<p>den senaste tiden har det inte blivt scrappat s\u00e5 mycket. i alla fall inte sen jag b\u00f6rjade jobba igen efter jullovet. vi har n\u00e4mligen haft mer\u00e4n fullt upp sen vi b\u00f6rjade i onsdags igen. p\u00e5 jullovet brann det n\u00e4mligen p\u00e5 skolan. 1,5 klassrum \u00e4r helt f\u00f6rst\u00f6rda och 1 tredjedel av skolan har f\u00e5tt allt material f\u00f6rst\u00f6rt pga att sot och r\u00f6k g\u00e5tt genom ventilationen till dem klassrummet. jag har klarat mitt v\u00e4ldigt bra eftersom jag hade klassrummet l\u00e4ngst bort fr\u00e5n branden, men det har \u00e4nd\u00e5 varit en hel del att g\u00f6ra. nu efter tre dagar med klassen igen k\u00e4nns det som i alla fall vi b\u00f6rjar komma tillbaka till det vanliga \u00e4ven om vi har ytterkl\u00e4derna och skorna inne i klassrummet.<\/p>\n<p>En roligt sak p\u00e5 jobbet d\u00e4remot \u00e4r att jag har &#8221;f\u00e5tt&#8221; en <a href=\"http:\/\/www.frolundadata.se\/index.cgi?cmd=Shop&amp;cat=6&amp;ucat=410&amp;prod=303\" target=\"_blank\">mimio<\/a> som jag kommer att f\u00e5 anv\u00e4nda och utv\u00e4rdera och l\u00e4ra dem andra p\u00e5 skolan. \u00e4lskar ju alla tekniska leksaker s\u00e5 det h\u00e4r \u00e4r superskoj. vi har redan hunnit anv\u00e4nda den flera g\u00e5nger i klassrummet.<\/p>\n<p>Jag var p\u00e5 medarbetarsamtal i dag och d\u00e4r fanns det bara positivt att s\u00e4ga i \u00e5r ocks\u00e5. kul efter som det var n\u00e5gra jobbiga \u00e5r innan jag b\u00f6rjade h\u00e4r.<\/p>\n<p>och idag n\u00e4r jag h\u00e4mtade noah p\u00e5 dagis s\u00e5 fr\u00f6ken att hon inte riktigt hade k\u00e4nnt igen noah idag. han hade frusigt och s\u00e5 hade han velat sova middag. han verkade \u00e4nd\u00e5 ganska pigg men n\u00e4r vi kom hem s\u00e5 hade han 38,2 i temp. s\u00e5 det blir att vara hemma i morgon. oturligt nog kan inte andreas jobba hemifr\u00e5n i morgon utan han ska till kontoret annars brukar det l\u00f6sa sig s\u00e5 l\u00e4tt n\u00e4r dem \u00e4r sjuka.<\/p>\n","protected":false},"excerpt":{"rendered":"<p>den senaste tiden har det inte blivt scrappat s\u00e5 mycket. i alla fall inte sen jag b\u00f6rjade jobba igen efter jullovet. vi har n\u00e4mligen haft mer\u00e4n fullt upp sen vi b\u00f6rjade i onsdags igen. p\u00e5 jullovet brann det n\u00e4mligen p\u00e5 skolan. 1,5 klassrum \u00e4r helt f\u00f6rst\u00f6rda och 1 tredjedel av skolan har f\u00e5tt allt material [&hellip;]<\/p>\n","protected":false},"author":1,"featured_media":0,"comment_status":"open","ping_status":"open","sticky":false,"template":"","format":"standard","meta":{"footnotes":""},"categories":[3,5],"tags":[],"class_list":["post-353","post","type-post","status-publish","format-standard","hentry","category-familjen","category-prat"],"_links":{"self":[{"href":"http:\/\/www.emelie.ohrn.info\/index.php?rest_route=\/wp\/v2\/posts\/353","targetHints":{"allow":["GET"]}}],"collection":[{"href":"http:\/\/www.emelie.ohrn.info\/index.php?rest_route=\/wp\/v2\/posts"}],"about":[{"href":"http:\/\/www.emelie.ohrn.info\/index.php?rest_route=\/wp\/v2\/types\/post"}],"author":[{"embeddable":true,"href":"http:\/\/www.emelie.ohrn.info\/index.php?rest_route=\/wp\/v2\/users\/1"}],"replies":[{"embeddable":true,"href":"http:\/\/www.emelie.ohrn.info\/index.php?rest_route=%2Fwp%2Fv2%2Fcomments&post=353"}],"version-history":[{"count":0,"href":"http:\/\/www.emelie.ohrn.info\/index.php?rest_route=\/wp\/v2\/posts\/353\/revisions"}],"wp:attachment":[{"href":"http:\/\/www.emelie.ohrn.info\/index.php?rest_route=%2Fwp%2Fv2%2Fmedia&parent=353"}],"wp:term":[{"taxonomy":"category","embeddable":true,"href":"http:\/\/www.emelie.ohrn.info\/index.php?rest_route=%2Fwp%2Fv2%2Fcategories&post=353"},{"taxonomy":"post_tag","embeddable":true,"href":"http:\/\/www.emelie.ohrn.info\/index.php?rest_route=%2Fwp%2Fv2%2Ftags&post=353"}],"curies":[{"name":"wp","href":"https:\/\/api.w.org\/{rel}","templated":true}]}}