{"id":343,"date":"2009-01-06T13:06:40","date_gmt":"2009-01-06T11:06:40","guid":{"rendered":"http:\/\/www.emelie.ohrn.info\/?p=343"},"modified":"2009-01-06T13:06:40","modified_gmt":"2009-01-06T11:06:40","slug":"vecka-1","status":"publish","type":"post","link":"http:\/\/www.emelie.ohrn.info\/?p=343","title":{"rendered":"vecka 1"},"content":{"rendered":"<p>det har p\u00e5b\u00f6rjats diverse utmaningar om att man ska fotografera mint ett foto varje dag under 2009. jag tycker att det l\u00e5ter j\u00e4ttekul men k\u00e4nner ju mig sj\u00e4lv att ibland skulle det nog bara bli krystat och om jag skulle gl\u00f6mma n\u00e5gon dag skulle jag li mindre galen. s\u00e5 f\u00f6rst t\u00e4nkte jag inte vara med. men s\u00e5 t\u00e4nkte jag om och best\u00e4mde mig f\u00f6r att f\u00f6rs\u00f6ka f\u00e5 ihop n\u00e5gra bilder fr\u00e5n varje vecka i st\u00e4llet. det kan ju vara flera bilder fr\u00e5n samma tillf\u00e4lle eller fr\u00e5n olika dagar. och eftersom jag fastnat f\u00f6r dem digitala mallarna kommer jag s\u00e5 l\u00e4nge jag orkar s\u00e4tta in korten i dem. s\u00e5 h\u00e4r kommer f\u00f6rsta veckan. den var ju inte s\u00e5 l\u00e5ng s\u00e5 det blev mest bilder fr\u00e5n ny\u00e5r.<\/p>\n<p><a href=\"http:\/\/ohrn.info\/emelie\/wordpress\/wp-content\/uploads\/2009\/01\/vecka-1-copy-blogg.jpg\"><img loading=\"lazy\" decoding=\"async\" class=\"alignnone size-full wp-image-344\" title=\"vecka-1-copy-blogg\" src=\"http:\/\/ohrn.info\/emelie\/wordpress\/wp-content\/uploads\/2009\/01\/vecka-1-copy-blogg.jpg\" alt=\"\" width=\"500\" height=\"357\" srcset=\"http:\/\/ohrn.info\/emelie\/wordpress\/wp-content\/uploads\/2009\/01\/vecka-1-copy-blogg.jpg 700w, http:\/\/ohrn.info\/emelie\/wordpress\/wp-content\/uploads\/2009\/01\/vecka-1-copy-blogg-300x214.jpg 300w\" sizes=\"auto, (max-width: 500px) 100vw, 500px\" \/><\/a><\/p>\n","protected":false},"excerpt":{"rendered":"<p>det har p\u00e5b\u00f6rjats diverse utmaningar om att man ska fotografera mint ett foto varje dag under 2009. jag tycker att det l\u00e5ter j\u00e4ttekul men k\u00e4nner ju mig sj\u00e4lv att ibland skulle det nog bara bli krystat och om jag skulle gl\u00f6mma n\u00e5gon dag skulle jag li mindre galen. s\u00e5 f\u00f6rst t\u00e4nkte jag inte vara med. [&hellip;]<\/p>\n","protected":false},"author":1,"featured_media":0,"comment_status":"open","ping_status":"open","sticky":false,"template":"","format":"standard","meta":{"footnotes":""},"categories":[30,29],"tags":[],"class_list":["post-343","post","type-post","status-publish","format-standard","hentry","category-2009-i-bilder","category-digi-scrap"],"_links":{"self":[{"href":"http:\/\/www.emelie.ohrn.info\/index.php?rest_route=\/wp\/v2\/posts\/343","targetHints":{"allow":["GET"]}}],"collection":[{"href":"http:\/\/www.emelie.ohrn.info\/index.php?rest_route=\/wp\/v2\/posts"}],"about":[{"href":"http:\/\/www.emelie.ohrn.info\/index.php?rest_route=\/wp\/v2\/types\/post"}],"author":[{"embeddable":true,"href":"http:\/\/www.emelie.ohrn.info\/index.php?rest_route=\/wp\/v2\/users\/1"}],"replies":[{"embeddable":true,"href":"http:\/\/www.emelie.ohrn.info\/index.php?rest_route=%2Fwp%2Fv2%2Fcomments&post=343"}],"version-history":[{"count":0,"href":"http:\/\/www.emelie.ohrn.info\/index.php?rest_route=\/wp\/v2\/posts\/343\/revisions"}],"wp:attachment":[{"href":"http:\/\/www.emelie.ohrn.info\/index.php?rest_route=%2Fwp%2Fv2%2Fmedia&parent=343"}],"wp:term":[{"taxonomy":"category","embeddable":true,"href":"http:\/\/www.emelie.ohrn.info\/index.php?rest_route=%2Fwp%2Fv2%2Fcategories&post=343"},{"taxonomy":"post_tag","embeddable":true,"href":"http:\/\/www.emelie.ohrn.info\/index.php?rest_route=%2Fwp%2Fv2%2Ftags&post=343"}],"curies":[{"name":"wp","href":"https:\/\/api.w.org\/{rel}","templated":true}]}}