{"id":155,"date":"2008-08-31T21:04:59","date_gmt":"2008-08-31T19:04:59","guid":{"rendered":"http:\/\/www.emelie.ohrn.info\/?p=155"},"modified":"2008-08-31T21:05:43","modified_gmt":"2008-08-31T19:05:43","slug":"produktiv-dag","status":"publish","type":"post","link":"http:\/\/www.emelie.ohrn.info\/?p=155","title":{"rendered":"produktiv dag"},"content":{"rendered":"<p>ig\u00e5r hade vi en supertrevlig scraptr\u00e4ff. kul att f\u00e5 tr\u00e4ffas igen och scrappa efter sommaren. hela nio layouter hann jag med trots att vi b\u00f6rjade lite senare. har dock inte hunnit fota dem idag f\u00f6r vi har gjort i ordning i linus rum. dels beh\u00f6vdes det megastorst\u00e4das men sen har vi ocks\u00e5 flyttat ut skrivbordet i hallen s\u00e5 han ska kunna anv\u00e4nda det nu n\u00e4r han g\u00e5r i skolan. Sen beh\u00f6vdes det lite mera f\u00f6rvaring och d\u00e5 passade vi p\u00e5 att byta s\u00e5 det blev enheltligt. vi tog en tur till ikea och inhandlade serien <em>trofast<\/em>. backar hade vi ju sedan tidigare s\u00e5 vi beh\u00f6vde bara stommar och n\u00e5gra sm\u00e5 backar till. blev himlans snyggt n\u00e4r det blev s\u00e5 d\u00e4r en hel rad. s\u00e5 nu har han f\u00e5tt lite st\u00f6rre plats i sitt rum b\u00e5de f\u00f6r att skrivborde \u00e5kte ut och f\u00f6r att han sl\u00e4nde en hel del gammalt papper och lite trasiga saker. har sedan avslutat med att klippa h\u00e5ret p\u00e5 andreas.<\/p>\n","protected":false},"excerpt":{"rendered":"<p>ig\u00e5r hade vi en supertrevlig scraptr\u00e4ff. kul att f\u00e5 tr\u00e4ffas igen och scrappa efter sommaren. hela nio layouter hann jag med trots att vi b\u00f6rjade lite senare. har dock inte hunnit fota dem idag f\u00f6r vi har gjort i ordning i linus rum. dels beh\u00f6vdes det megastorst\u00e4das men sen har vi ocks\u00e5 flyttat ut skrivbordet [&hellip;]<\/p>\n","protected":false},"author":1,"featured_media":0,"comment_status":"open","ping_status":"open","sticky":false,"template":"","format":"standard","meta":{"footnotes":""},"categories":[3],"tags":[],"class_list":["post-155","post","type-post","status-publish","format-standard","hentry","category-familjen"],"_links":{"self":[{"href":"http:\/\/www.emelie.ohrn.info\/index.php?rest_route=\/wp\/v2\/posts\/155","targetHints":{"allow":["GET"]}}],"collection":[{"href":"http:\/\/www.emelie.ohrn.info\/index.php?rest_route=\/wp\/v2\/posts"}],"about":[{"href":"http:\/\/www.emelie.ohrn.info\/index.php?rest_route=\/wp\/v2\/types\/post"}],"author":[{"embeddable":true,"href":"http:\/\/www.emelie.ohrn.info\/index.php?rest_route=\/wp\/v2\/users\/1"}],"replies":[{"embeddable":true,"href":"http:\/\/www.emelie.ohrn.info\/index.php?rest_route=%2Fwp%2Fv2%2Fcomments&post=155"}],"version-history":[{"count":0,"href":"http:\/\/www.emelie.ohrn.info\/index.php?rest_route=\/wp\/v2\/posts\/155\/revisions"}],"wp:attachment":[{"href":"http:\/\/www.emelie.ohrn.info\/index.php?rest_route=%2Fwp%2Fv2%2Fmedia&parent=155"}],"wp:term":[{"taxonomy":"category","embeddable":true,"href":"http:\/\/www.emelie.ohrn.info\/index.php?rest_route=%2Fwp%2Fv2%2Fcategories&post=155"},{"taxonomy":"post_tag","embeddable":true,"href":"http:\/\/www.emelie.ohrn.info\/index.php?rest_route=%2Fwp%2Fv2%2Ftags&post=155"}],"curies":[{"name":"wp","href":"https:\/\/api.w.org\/{rel}","templated":true}]}}